{"id":262,"date":"2016-06-07T21:14:03","date_gmt":"2016-06-07T19:14:03","guid":{"rendered":"http:\/\/darc-a24.de\/?p=262"},"modified":"2017-06-26T08:50:13","modified_gmt":"2017-06-26T06:50:13","slug":"cw-fieldday-2016","status":"publish","type":"post","link":"https:\/\/darc-a24.de\/?p=262","title":{"rendered":"CW-Fieldday 2016"},"content":{"rendered":"<p class=\"aLF-aPX-K0-aPE aLF-aPX-aLK-ayr-auR\"><img loading=\"lazy\" decoding=\"async\" class=\"alignright wp-image-265 size-medium\" src=\"http:\/\/www.darc-ettlingen.de\/wp\/wp-content\/uploads\/2016\/06\/DSCF5634-225x300.jpg\" alt=\"DSCF5634\" width=\"225\" height=\"300\" srcset=\"https:\/\/darc-a24.de\/wp-content\/uploads\/2016\/06\/DSCF5634-225x300.jpg 225w, https:\/\/darc-a24.de\/wp-content\/uploads\/2016\/06\/DSCF5634-768x1024.jpg 768w, https:\/\/darc-a24.de\/wp-content\/uploads\/2016\/06\/DSCF5634-624x832.jpg 624w\" sizes=\"auto, (max-width: 225px) 100vw, 225px\" \/>Am letzten Wochenende fand der <a href=\"http:\/\/www.darc.de\/der-club\/referate\/dx\/contest\/fd\/regeln\/\">IARU Region 1 CW-Fieldday<\/a> statt. Von einer Anh\u00f6he bei Aufhausen auf der schw\u00e4bischen Alb war A24 in der eingeschr\u00e4nkten Klasse unter dem frisch reaktivierten Kurzcall DP6M\/p qrv. Als Gast-OPs konnten die bekannten Contester DL2CC und DL1CW gewonnen werden, die neben DK9IP in die Taste griffen.<\/p>\n<p class=\"aLF-aPX-K0-aPE aLF-aPX-aLK-ayr-auR\">Um 11 Uhr am\u00a0Samstag morgen trafen sich die Aktiven sowie DF2IY, DK6AH und\u00a0DF4IAO als Aufbauhelfer und begannen sogleich mit dem Errichten der beiden Masten. Bald standen das OP-Zelt sowie das neuangeschaffte &#8222;Sozialzelt&#8220; f\u00fcr die restliche Mannschaft. Aufhausen hat vor kurzem einen neuen Grillplatz errichtet, zu dem auch zwei h\u00f6lzerne Tische mit Sitzgelegenheiten geh\u00f6ren. Die Zelte wurden kurzerhand einfach dar\u00fcbergestellt &#8211; fertig waren das Shack und der Aufenthaltsraum.<\/p>\n<p class=\"aLF-aPX-K0-aPE aLF-aPX-aLK-ayr-auR\"><img loading=\"lazy\" decoding=\"async\" class=\"alignright wp-image-266 size-medium\" src=\"http:\/\/www.darc-ettlingen.de\/wp\/wp-content\/uploads\/2016\/06\/DSCF5638-300x225.jpg\" alt=\"CW-Fieldday 2016: Antenne\" width=\"300\" height=\"225\" srcset=\"https:\/\/darc-a24.de\/wp-content\/uploads\/2016\/06\/DSCF5638-300x225.jpg 300w, https:\/\/darc-a24.de\/wp-content\/uploads\/2016\/06\/DSCF5638-768x576.jpg 768w, https:\/\/darc-a24.de\/wp-content\/uploads\/2016\/06\/DSCF5638-1024x768.jpg 1024w, https:\/\/darc-a24.de\/wp-content\/uploads\/2016\/06\/DSCF5638-624x468.jpg 624w\" sizes=\"auto, (max-width: 300px) 100vw, 300px\" \/>Die neue Stromsummenantenne war just in time fertig geworden und wurde vor Ort noch feinabgeglichen. P\u00fcnktlich um 17 Uhr MESZ ging es schon los: Routiniert fuhren die OPs ihre CW-QSOs und f\u00fcllten das Log mit teils exotischen Rufzeichen aus aller Welt, auch 15 und 10m waren offen. Inzwischen hatte DK6AH\u00a0auch den Grill aktiviert, und das &#8222;Nebenprogramm&#8220; konnte losgehen&#8230; Nachts gab es lange Serien auf 160m; da 20m auch lange offen war, mussten sich die OPs entscheiden: EU-Portabel-Stationen auf 80m oder doch lieber DX auf 20m ? 40m brachte dagegen rund um die Uhr neue QSOs. Und immer nat\u00fcrlich die Jagd nach Multis&#8230;<img loading=\"lazy\" decoding=\"async\" class=\"aligncenter wp-image-264 size-large\" src=\"http:\/\/www.darc-ettlingen.de\/wp\/wp-content\/uploads\/2016\/06\/DSCF5642-1024x768.jpg\" alt=\"CW-Fieldday 2016: Operators\" width=\"625\" height=\"469\" srcset=\"https:\/\/darc-a24.de\/wp-content\/uploads\/2016\/06\/DSCF5642-1024x768.jpg 1024w, https:\/\/darc-a24.de\/wp-content\/uploads\/2016\/06\/DSCF5642-300x225.jpg 300w, https:\/\/darc-a24.de\/wp-content\/uploads\/2016\/06\/DSCF5642-768x576.jpg 768w, https:\/\/darc-a24.de\/wp-content\/uploads\/2016\/06\/DSCF5642-624x468.jpg 624w\" sizes=\"auto, (max-width: 625px) 100vw, 625px\" \/><\/p>\n<p class=\"aLF-aPX-K0-aPE aLF-aPX-aLK-ayr-auR\">Leider meinte es der Wettergott nicht allzu gut mit uns. Immer wieder verdunkelte sich der Himmel, und Platzregen waren eher die Regel als die Ausnahme. Gl\u00fccklicherweise wurden wir weitestgehend von Gewittern verschont, was bei diesem exponierten Standort nicht selbstverst\u00e4ndlich ist. Am Sonntagmorgen dann die n\u00e4chste \u00dcberraschung: Dichter Nebel h\u00fcllte die Landschaft ein, bis sich dann wieder der gewohnte Mix aus Sonne und Regenschauern einstellte. Immerhin waren die Temperaturen mit ca. 18\u00b0C ertr\u00e4glich.<\/p>\n<p class=\"aLF-aPX-K0-aPE aLF-aPX-aLK-ayr-auR\"><img loading=\"lazy\" decoding=\"async\" class=\"aligncenter wp-image-267 size-medium\" src=\"http:\/\/www.darc-ettlingen.de\/wp\/wp-content\/uploads\/2016\/06\/DSCF5640-300x225.jpg\" alt=\"CW-Fieldday 2016: Himmel\" width=\"300\" height=\"225\" srcset=\"https:\/\/darc-a24.de\/wp-content\/uploads\/2016\/06\/DSCF5640-300x225.jpg 300w, https:\/\/darc-a24.de\/wp-content\/uploads\/2016\/06\/DSCF5640-768x576.jpg 768w, https:\/\/darc-a24.de\/wp-content\/uploads\/2016\/06\/DSCF5640-1024x768.jpg 1024w, https:\/\/darc-a24.de\/wp-content\/uploads\/2016\/06\/DSCF5640-624x468.jpg 624w\" sizes=\"auto, (max-width: 300px) 100vw, 300px\" \/><\/p>\n<p class=\"aLF-aPX-K0-aPE aLF-aPX-aLK-ayr-auR\">Nachdem der letzte Schauer kurz nach Contestende vorbeizogen war, konnten wir wenigstens den Abbau im Trockenen durchf\u00fchren. Exakt 18.30 Uhr lud DK6AH das letzte Gep\u00e4ckst\u00fcck in den Anh\u00e4nger. Zum Ausklang fuhren wir noch ins benachbarte Nellingen in eine Pizzeria.<\/p>\n<p class=\"aLF-aPX-K0-aPE aLF-aPX-aLK-ayr-auR\">Am Schluss standen mehr als 1100 QSOs bei \u00fcber 600.000 Punkten im Log. Eine hervorragende Leistung, auch wenn es zum ersten Platz nicht ganz reichen wird.<\/p>\n<p class=\"aLF-aPX-K0-aPE aLF-aPX-aLK-ayr-auR\">Wir hatten ein tolles Wochenende in einer wundervollen<img loading=\"lazy\" decoding=\"async\" class=\"alignright wp-image-270 size-thumbnail\" src=\"http:\/\/www.darc-ettlingen.de\/wp\/wp-content\/uploads\/2016\/06\/DSCF5649-150x150.jpg\" alt=\"CW-Fieldday 2016: Lagerfeuer\" width=\"150\" height=\"150\" \/> Umgebung verbracht, neben hektischem Contestbetrieb gab es u.a. auch Lagerfeuer-Romantik und Fachsimpelei.<br \/>\nVerluste oder Defekte waren keine zu beklagen, alles hat problemlos funktioniert. Das Aggregat wurde rechtzeitig nachgetankt, so dass der von DK6AH eigens konstruierte Spannungsw\u00e4chter nie anschlagen musste; auch mit der neuen Stromsummenantenne war man allgemein zufrieden. Der n\u00e4chste Fieldday kann kommen !<\/p>\n<p class=\"aLF-aPX-K0-aPE aLF-aPX-aLK-ayr-auR\">73,<br \/>\nDominik DF4IAO<\/p>\n","protected":false},"excerpt":{"rendered":"<p>Am letzten Wochenende fand der IARU Region 1 CW-Fieldday statt. Von einer Anh\u00f6he bei Aufhausen auf der schw\u00e4bischen Alb war A24 in der eingeschr\u00e4nkten Klasse unter dem frisch reaktivierten Kurzcall &hellip; <a href=\"https:\/\/darc-a24.de\/?p=262\" class=\"more-link\"><span class=\"screen-reader-text\">CW-Fieldday 2016<\/span> weiterlesen <span class=\"meta-nav\">&rarr;<\/span><\/a><\/p>\n","protected":false},"author":3,"featured_media":0,"comment_status":"closed","ping_status":"closed","sticky":false,"template":"","format":"standard","meta":{"footnotes":""},"categories":[8],"tags":[],"class_list":["post-262","post","type-post","status-publish","format-standard","hentry","category-fieldday"],"_links":{"self":[{"href":"https:\/\/darc-a24.de\/index.php?rest_route=\/wp\/v2\/posts\/262","targetHints":{"allow":["GET"]}}],"collection":[{"href":"https:\/\/darc-a24.de\/index.php?rest_route=\/wp\/v2\/posts"}],"about":[{"href":"https:\/\/darc-a24.de\/index.php?rest_route=\/wp\/v2\/types\/post"}],"author":[{"embeddable":true,"href":"https:\/\/darc-a24.de\/index.php?rest_route=\/wp\/v2\/users\/3"}],"replies":[{"embeddable":true,"href":"https:\/\/darc-a24.de\/index.php?rest_route=%2Fwp%2Fv2%2Fcomments&post=262"}],"version-history":[{"count":6,"href":"https:\/\/darc-a24.de\/index.php?rest_route=\/wp\/v2\/posts\/262\/revisions"}],"predecessor-version":[{"id":393,"href":"https:\/\/darc-a24.de\/index.php?rest_route=\/wp\/v2\/posts\/262\/revisions\/393"}],"wp:attachment":[{"href":"https:\/\/darc-a24.de\/index.php?rest_route=%2Fwp%2Fv2%2Fmedia&parent=262"}],"wp:term":[{"taxonomy":"category","embeddable":true,"href":"https:\/\/darc-a24.de\/index.php?rest_route=%2Fwp%2Fv2%2Fcategories&post=262"},{"taxonomy":"post_tag","embeddable":true,"href":"https:\/\/darc-a24.de\/index.php?rest_route=%2Fwp%2Fv2%2Ftags&post=262"}],"curies":[{"name":"wp","href":"https:\/\/api.w.org\/{rel}","templated":true}]}}