{"id":417,"date":"2017-09-04T22:06:54","date_gmt":"2017-09-04T20:06:54","guid":{"rendered":"http:\/\/www.darc-ettlingen.de\/wp\/?p=417"},"modified":"2017-09-07T14:35:10","modified_gmt":"2017-09-07T12:35:10","slug":"ferienprogramm-in-ettlingen","status":"publish","type":"post","link":"https:\/\/darc-a24.de\/?p=417","title":{"rendered":"Ferienprogramm in Ettlingen"},"content":{"rendered":"<p class=\"western\">Wie seit vielen Jahren war auch dieses Jahr die Teilnehmerliste gut gef\u00fcllt. Das Ziel war, ein digitales Echoger\u00e4t zu bauen. Damit kann man seine Stimme v\u00f6llig ver\u00e4ndern und sie klingt wie die eines Gespenstes.<\/p>\n<p class=\"western\" align=\"justify\">Zun\u00e4chst erkl\u00e4rte Norbert Haller, was der DARC ist und was die Funkamateure so treiben. Anschlie\u00dfend stellte er seine Mitstreiter vor, ermunterte die Teilnehmer, ihnen Fragen zu stellen und sich von ihnen helfen zu lassen. Dabei wurde auch die richtige L\u00f6ttechnik gezeigt, damit die Bauteile korrekt miteinander verbunden wurden. Nun wurden die Baus\u00e4tze ausgepackt und die Einzelteile sortiert. Zum Gl\u00fcck waren die Widerst\u00e4nde auf einem Band in der Reihenfolge angeordnet wie sie auf der Platine eingebaut werden mussten. Bei den folgenden Dioden und Kondensatoren war es nicht mehr so einfach, weil es dort auch manchmal auf die Einbaurichtung ankommt.<\/p>\n<p class=\"western\" align=\"justify\">Zum Mittagessen musste Anni Glasstetter mehrfach aufrufen, weil jeder noch etwas fertig machen wollte. Nach der Pause ging es wieder frisch ans Werk. Wenn dann der Lautsprecher und die Batterie mit der Schaltung verbunden war, ging es zum Test auf Kurzschluss oder andere Fehler. Der Fehlerteufel kann an vielen Stellen zuschlagen, aber Andreas Herzog wusste, dass es oft nur Kleinigkeiten sind, die dem Erfolg im Wege stehen. Die Erfahrungen der vergangenen Jahre sind hier sehr hilfreich. Am Ende konnten alle Fehler behoben werden.<\/p>\n<p class=\"western\" align=\"justify\">Nebenbei konnten die Teilnehmer, deren Ger\u00e4te schon fertig waren, an der Kurzwellenstation Funkverbindungen mit L\u00e4ndern aus ganz Europa beobachten. Das dabei gezeigte Interesse l\u00e4sst uns auf neue Funkamateure hoffen. Andere wollten lieber bei einer Fuchsjagd die auf dem Gel\u00e4nde versteckten Minisender anpeilen. Dabei wurden auch die ausrichtenden Funkamateure durch die Teilnehmer herausgefordert. Die Jugendlichen wollten sehen, ob die Funker das Peilen nicht nur erkl\u00e4ren k\u00f6nnen, sondern auch selbst beherrschen. Das f\u00fchrte neben dem hei\u00dfen Wetter zu mancher Schwei\u00dfperle auf deren Stirn.<\/p>\n<p align=\"justify\">\u00a0<img loading=\"lazy\" decoding=\"async\" class=\"size-medium wp-image-420 alignright\" src=\"http:\/\/www.darc-ettlingen.de\/wp\/wp-content\/uploads\/2017\/09\/IMG_2723-300x224.jpg\" alt=\"\" width=\"300\" height=\"224\" srcset=\"https:\/\/darc-a24.de\/wp-content\/uploads\/2017\/09\/IMG_2723-300x224.jpg 300w, https:\/\/darc-a24.de\/wp-content\/uploads\/2017\/09\/IMG_2723-768x574.jpg 768w, https:\/\/darc-a24.de\/wp-content\/uploads\/2017\/09\/IMG_2723-1024x765.jpg 1024w, https:\/\/darc-a24.de\/wp-content\/uploads\/2017\/09\/IMG_2723-624x466.jpg 624w\" sizes=\"auto, (max-width: 300px) 100vw, 300px\" \/><img loading=\"lazy\" decoding=\"async\" class=\"size-medium wp-image-422 alignnone\" src=\"http:\/\/www.darc-ettlingen.de\/wp\/wp-content\/uploads\/2017\/09\/IMG_2722-300x224.jpg\" alt=\"\" width=\"300\" height=\"224\" srcset=\"https:\/\/darc-a24.de\/wp-content\/uploads\/2017\/09\/IMG_2722-300x224.jpg 300w, https:\/\/darc-a24.de\/wp-content\/uploads\/2017\/09\/IMG_2722-768x574.jpg 768w, https:\/\/darc-a24.de\/wp-content\/uploads\/2017\/09\/IMG_2722-1024x765.jpg 1024w, https:\/\/darc-a24.de\/wp-content\/uploads\/2017\/09\/IMG_2722-624x466.jpg 624w\" sizes=\"auto, (max-width: 300px) 100vw, 300px\" \/><\/p>\n","protected":false},"excerpt":{"rendered":"<p>Wie seit vielen Jahren war auch dieses Jahr die Teilnehmerliste gut gef\u00fcllt. Das Ziel war, ein digitales Echoger\u00e4t zu bauen. Damit kann man seine Stimme v\u00f6llig ver\u00e4ndern und sie klingt &hellip; <a href=\"https:\/\/darc-a24.de\/?p=417\" class=\"more-link\"><span class=\"screen-reader-text\">Ferienprogramm in Ettlingen<\/span> weiterlesen <span class=\"meta-nav\">&rarr;<\/span><\/a><\/p>\n","protected":false},"author":5,"featured_media":0,"comment_status":"closed","ping_status":"closed","sticky":false,"template":"","format":"standard","meta":{"footnotes":""},"categories":[10],"tags":[],"class_list":["post-417","post","type-post","status-publish","format-standard","hentry","category-ferienprogramm"],"_links":{"self":[{"href":"https:\/\/darc-a24.de\/index.php?rest_route=\/wp\/v2\/posts\/417","targetHints":{"allow":["GET"]}}],"collection":[{"href":"https:\/\/darc-a24.de\/index.php?rest_route=\/wp\/v2\/posts"}],"about":[{"href":"https:\/\/darc-a24.de\/index.php?rest_route=\/wp\/v2\/types\/post"}],"author":[{"embeddable":true,"href":"https:\/\/darc-a24.de\/index.php?rest_route=\/wp\/v2\/users\/5"}],"replies":[{"embeddable":true,"href":"https:\/\/darc-a24.de\/index.php?rest_route=%2Fwp%2Fv2%2Fcomments&post=417"}],"version-history":[{"count":3,"href":"https:\/\/darc-a24.de\/index.php?rest_route=\/wp\/v2\/posts\/417\/revisions"}],"predecessor-version":[{"id":423,"href":"https:\/\/darc-a24.de\/index.php?rest_route=\/wp\/v2\/posts\/417\/revisions\/423"}],"wp:attachment":[{"href":"https:\/\/darc-a24.de\/index.php?rest_route=%2Fwp%2Fv2%2Fmedia&parent=417"}],"wp:term":[{"taxonomy":"category","embeddable":true,"href":"https:\/\/darc-a24.de\/index.php?rest_route=%2Fwp%2Fv2%2Fcategories&post=417"},{"taxonomy":"post_tag","embeddable":true,"href":"https:\/\/darc-a24.de\/index.php?rest_route=%2Fwp%2Fv2%2Ftags&post=417"}],"curies":[{"name":"wp","href":"https:\/\/api.w.org\/{rel}","templated":true}]}}